{"id":738,"date":"2025-06-10T04:02:24","date_gmt":"2025-06-10T04:02:24","guid":{"rendered":"https:\/\/ruralsanjose.org\/web\/?p=738"},"modified":"2025-06-11T02:34:53","modified_gmt":"2025-06-11T02:34:53","slug":"108-congreso-de-la-federacion-rural","status":"publish","type":"post","link":"https:\/\/ruralsanjose.org\/web\/2025\/06\/10\/108-congreso-de-la-federacion-rural\/","title":{"rendered":"108\u00b0 Congreso de la Federaci\u00f3n Rural"},"content":{"rendered":"<body>\n<p><br>En el marco de las celebraciones por su 125 aniversario, nuestra instituci\u00f3n fue sede del 108\u00b0 Congreso de la Federaci\u00f3n Rural. El mismo se realiz\u00f3 el 30 y 31 de mayo de 2025 en el Pabell\u00f3n centenario del predio de exposiciones. Este a\u00f1o, el Congreso tuvo como slogan: \u201cEl agro es la fuerza que nos une\u201d. Cont\u00f3 con la participaci\u00f3n de delegados de instituciones federadas y representantes de la institucionalidad agropecuaria, el gobierno y un destacado n\u00famero de productores rurales de todo el pa\u00eds. Como cierre de la actividad, se dio a conocer la Declaraci\u00f3n Final del Congreso. En ella, las federadas plantearon los que a su juicio constituyen los temas prioritarios para el sector agropecuario.<br><a href=\"https:\/\/ruralsanjose.org\/web\/wp-content\/uploads\/2025\/06\/Declaracion-final-108%C2%B0-Congreso-Anual-de-Federacion-Rural-2.pdf\">Link a Declaraci\u00f3n Final 108\u00b0 Congreso de la Federaci\u00f3n Rural<\/a><\/p>\n<\/body>","protected":false},"excerpt":{"rendered":"<p>En el marco de las celebraciones por su 125 aniversario, nuestra instituci\u00f3n fue sede del 108\u00b0 Congreso de la Federaci\u00f3n Rural. El mismo se realiz\u00f3 el 30 y 31 de mayo de 2025 en el Pabell\u00f3n centenario del predio de exposiciones. Este a\u00f1o, el Congreso tuvo como slogan: \u201cEl agro es la fuerza que nos une\u201d. Cont\u00f3 con la participaci\u00f3n de delegados de instituciones federadas y representantes de la institucionalidad agropecuaria, el gobierno y un destacado n\u00famero de productores rurales de todo el pa\u00eds. Como cierre de la actividad, se dio a conocer la Declaraci\u00f3n Final del Congreso. En ella,<\/p>\n","protected":false},"author":1,"featured_media":716,"comment_status":"closed","ping_status":"closed","sticky":false,"template":"","format":"standard","meta":{"_acf_changed":false,"om_disable_all_campaigns":false,"footnotes":""},"categories":[25],"tags":[],"class_list":["post-738","post","type-post","status-publish","format-standard","has-post-thumbnail","hentry","category-noticias"],"acf":[],"jetpack_featured_media_url":"https:\/\/ruralsanjose.org\/web\/wp-content\/uploads\/2025\/06\/WhatsApp-Image-2025-06-09-at-20.27.09.jpeg","_links":{"self":[{"href":"https:\/\/ruralsanjose.org\/web\/wp-json\/wp\/v2\/posts\/738","targetHints":{"allow":["GET"]}}],"collection":[{"href":"https:\/\/ruralsanjose.org\/web\/wp-json\/wp\/v2\/posts"}],"about":[{"href":"https:\/\/ruralsanjose.org\/web\/wp-json\/wp\/v2\/types\/post"}],"author":[{"embeddable":true,"href":"https:\/\/ruralsanjose.org\/web\/wp-json\/wp\/v2\/users\/1"}],"replies":[{"embeddable":true,"href":"https:\/\/ruralsanjose.org\/web\/wp-json\/wp\/v2\/comments?post=738"}],"version-history":[{"count":0,"href":"https:\/\/ruralsanjose.org\/web\/wp-json\/wp\/v2\/posts\/738\/revisions"}],"wp:featuredmedia":[{"embeddable":true,"href":"https:\/\/ruralsanjose.org\/web\/wp-json\/wp\/v2\/media\/716"}],"wp:attachment":[{"href":"https:\/\/ruralsanjose.org\/web\/wp-json\/wp\/v2\/media?parent=738"}],"wp:term":[{"taxonomy":"category","embeddable":true,"href":"https:\/\/ruralsanjose.org\/web\/wp-json\/wp\/v2\/categories?post=738"},{"taxonomy":"post_tag","embeddable":true,"href":"https:\/\/ruralsanjose.org\/web\/wp-json\/wp\/v2\/tags?post=738"}],"curies":[{"name":"wp","href":"https:\/\/api.w.org\/{rel}","templated":true}]}}